{"id":12990,"date":"2026-03-15T11:00:24","date_gmt":"2026-03-15T14:00:24","guid":{"rendered":"https:\/\/tecnovisao.net\/?p=12990"},"modified":"2026-03-15T11:00:28","modified_gmt":"2026-03-15T14:00:28","slug":"novo-ampliador-eletronico-com-tecnologia-inovadora-e-apresentado-em-feira-internacional-de-tecnologia-assistiva","status":"publish","type":"post","link":"https:\/\/tecnovisao.net\/es\/novo-ampliador-eletronico-com-tecnologia-inovadora-e-apresentado-em-feira-internacional-de-tecnologia-assistiva\/","title":{"rendered":"Novo ampliador eletr\u00f4nico com tecnologia inovadora \u00e9 apresentado em feira internacional de tecnologia assistiva\u00a0"},"content":{"rendered":"<p>A evolu\u00e7\u00e3o da tecnologia assistiva tem trazido solu\u00e7\u00f5es cada vez mais modernas para ampliar a autonomia e o acesso \u00e0 informa\u00e7\u00e3o de pessoas com defici\u00eancia visual. Em grandes eventos internacionais do setor, fabricantes de todo o mundo apresentam novas tecnologias que ajudam a transformar a forma como pessoas cegas ou com baixa vis\u00e3o estudam, trabalham e realizam suas atividades do dia a dia.<\/p>\n\n\n\n<p>Foi nesse cen\u00e1rio que, recentemente, durante uma importante feira internacional de tecnologia assistiva realizada nos Estados Unidos, foi apresentado um novo ampliador eletr\u00f4nico desenvolvido pela HIMS: o GoVision Move.<\/p>\n\n\n\n<p>Reconhecida mundialmente por suas solu\u00e7\u00f5es voltadas para pessoas com defici\u00eancia visual, a HIMS sempre se destacou pela qualidade de imagem de seus ampliadores eletr\u00f4nicos. Ao longo de sua trajet\u00f3ria, a empresa desenvolveu equipamentos com c\u00e2meras de alta defini\u00e7\u00e3o capazes de oferecer imagens n\u00edtidas e claras, proporcionando uma experi\u00eancia visual mais confort\u00e1vel para usu\u00e1rios com baixa vis\u00e3o.<\/p>\n\n\n\n<p>Recentemente tamb\u00e9m destacamos o lan\u00e7amento de novas solu\u00e7\u00f5es da HIMS voltadas para usu\u00e1rios cegos, especialmente na \u00e1rea de <a href=\"https:\/\/tecnovisao.net\/es\/braille-sense-7-a-nova-geracao-dos-computadores-braille-com-android\/\">computadores Braille<\/a>. Agora, a novidade chega tamb\u00e9m para o p\u00fablico com baixa vis\u00e3o, com a apresenta\u00e7\u00e3o do GoVision Move.<\/p>\n\n\n\n<p>Um dos recursos mais interessantes desse novo ampliador eletr\u00f4nico \u00e9 uma tecnologia inovadora que permite acompanhar a leitura com o dedo ou com uma caneta especial. Por meio de um sistema inteligente de rastreamento, o equipamento identifica o movimento do dedo sobre o texto, ajudando o usu\u00e1rio a manter a linha correta durante a leitura ou a escrita. Esse recurso torna a experi\u00eancia muito mais natural e confort\u00e1vel para pessoas com baixa vis\u00e3o.<\/p>\n\n\n\n<p>O equipamento tamb\u00e9m conta com uma tela Full HD de 15,6 polegadas com tecnologia antirreflexo, projetada para oferecer imagens n\u00edtidas e reduzir o cansa\u00e7o visual durante per\u00edodos prolongados de leitura. Seu design dobr\u00e1vel em formato de maleta facilita o transporte entre casa, escola, trabalho ou viagens.<\/p>\n\n\n\n<p>A Tecnovis\u00e3o acompanha de perto a evolu\u00e7\u00e3o das tecnologias assistivas e est\u00e1 sempre atenta aos lan\u00e7amentos apresentados nos principais eventos internacionais do setor. Como distribuidora da HIMS no Brasil e na Am\u00e9rica Latina, nosso compromisso \u00e9 trazer para o mercado as solu\u00e7\u00f5es mais modernas que possam ampliar o acesso \u00e0 informa\u00e7\u00e3o, \u00e0 educa\u00e7\u00e3o e ao trabalho para pessoas com defici\u00eancia visual.<\/p>\n\n\n\n<p>Com o avan\u00e7o constante da tecnologia assistiva, equipamentos como o GoVision Move representam mais um passo importante para oferecer autonomia, conforto visual e qualidade de vida \u00e0s pessoas com baixa vis\u00e3o.<\/p>\n\n\n\n<p>Para conhecer em detalhes todas as caracter\u00edsticas, recursos e especifica\u00e7\u00f5es do novo <a href=\"https:\/\/tecnovisao.net\/es\/produtos\/govision-move\/\">ampliador eletr\u00f4nico GoVision Move<\/a>, visite a p\u00e1gina do produto em nosso site e veja o cat\u00e1logo completo.<\/p>","protected":false},"excerpt":{"rendered":"<p>A evolu\u00e7\u00e3o da tecnologia assistiva tem trazido solu\u00e7\u00f5es cada vez mais modernas para ampliar a autonomia e o acesso \u00e0 informa\u00e7\u00e3o de pessoas com defici\u00eancia visual. Em grandes eventos internacionais do setor, fabricantes de todo o mundo apresentam novas tecnologias que ajudam a transformar a forma como pessoas cegas ou com baixa vis\u00e3o estudam, trabalham [&hellip;]<\/p>\n","protected":false},"author":2,"featured_media":12988,"comment_status":"open","ping_status":"closed","sticky":false,"template":"","format":"standard","meta":{"site-sidebar-layout":"default","site-content-layout":"","ast-site-content-layout":"default","site-content-style":"default","site-sidebar-style":"default","ast-global-header-display":"","ast-banner-title-visibility":"","ast-main-header-display":"","ast-hfb-above-header-display":"","ast-hfb-below-header-display":"","ast-hfb-mobile-header-display":"","site-post-title":"","ast-breadcrumbs-content":"","ast-featured-img":"","footer-sml-layout":"","ast-disable-related-posts":"","theme-transparent-header-meta":"","adv-header-id-meta":"","stick-header-meta":"","header-above-stick-meta":"","header-main-stick-meta":"","header-below-stick-meta":"","astra-migrate-meta-layouts":"set","ast-page-background-enabled":"default","ast-page-background-meta":{"desktop":{"background-color":"","background-image":"","background-repeat":"repeat","background-position":"center center","background-size":"auto","background-attachment":"scroll","background-type":"","background-media":"","overlay-type":"","overlay-color":"","overlay-opacity":"","overlay-gradient":""},"tablet":{"background-color":"","background-image":"","background-repeat":"repeat","background-position":"center center","background-size":"auto","background-attachment":"scroll","background-type":"","background-media":"","overlay-type":"","overlay-color":"","overlay-opacity":"","overlay-gradient":""},"mobile":{"background-color":"","background-image":"","background-repeat":"repeat","background-position":"center center","background-size":"auto","background-attachment":"scroll","background-type":"","background-media":"","overlay-type":"","overlay-color":"","overlay-opacity":"","overlay-gradient":""}},"ast-content-background-meta":{"desktop":{"background-color":"var(--ast-global-color-5)","background-image":"","background-repeat":"repeat","background-position":"center center","background-size":"auto","background-attachment":"scroll","background-type":"","background-media":"","overlay-type":"","overlay-color":"","overlay-opacity":"","overlay-gradient":""},"tablet":{"background-color":"var(--ast-global-color-5)","background-image":"","background-repeat":"repeat","background-position":"center center","background-size":"auto","background-attachment":"scroll","background-type":"","background-media":"","overlay-type":"","overlay-color":"","overlay-opacity":"","overlay-gradient":""},"mobile":{"background-color":"var(--ast-global-color-5)","background-image":"","background-repeat":"repeat","background-position":"center center","background-size":"auto","background-attachment":"scroll","background-type":"","background-media":"","overlay-type":"","overlay-color":"","overlay-opacity":"","overlay-gradient":""}},"_jetpack_memberships_contains_paid_content":false,"footnotes":""},"categories":[42],"tags":[229,95,62,81],"class_list":["post-12990","post","type-post","status-publish","format-standard","has-post-thumbnail","hentry","category-na-midia","tag-ampliador","tag-baixa-visao","tag-hims","tag-tecnologia-assistiva"],"yoast_head":"<!-- This site is optimized with the Yoast SEO plugin v27.2 - https:\/\/yoast.com\/product\/yoast-seo-wordpress\/ -->\n<title>Novo ampliador eletr\u00f4nico para baixa vis\u00e3o \u00e9 apresentado em feira internacional de tecnologia assistivaNovo ampliador eletr\u00f4nico com tecnologia inovadora \u00e9 apresentado em feira internacional de tecnologia assistiva\u00a0 - Tecnovis&atilde;o<\/title>\n<meta name=\"description\" content=\"Novo ampliador eletr\u00f4nico para baixa vis\u00e3o \u00e9 apresentado em feira internacional de tecnologia assistiva. Conhe\u00e7a o GoVision Move e suas principais inova\u00e7\u00f5es.\" \/>\n<meta name=\"robots\" content=\"index, follow, max-snippet:-1, max-image-preview:large, max-video-preview:-1\" \/>\n<link rel=\"canonical\" href=\"https:\/\/tecnovisao.net\/es\/novo-ampliador-eletronico-com-tecnologia-inovadora-e-apresentado-em-feira-internacional-de-tecnologia-assistiva\/\" \/>\n<meta property=\"og:locale\" content=\"es_ES\" \/>\n<meta property=\"og:type\" content=\"article\" \/>\n<meta property=\"og:title\" content=\"Novo ampliador eletr\u00f4nico para baixa vis\u00e3o \u00e9 apresentado em feira internacional de tecnologia assistivaNovo ampliador eletr\u00f4nico com tecnologia inovadora \u00e9 apresentado em feira internacional de tecnologia assistiva\u00a0 - Tecnovis&atilde;o\" \/>\n<meta property=\"og:description\" content=\"Novo ampliador eletr\u00f4nico para baixa vis\u00e3o \u00e9 apresentado em feira internacional de tecnologia assistiva. Conhe\u00e7a o GoVision Move e suas principais inova\u00e7\u00f5es.\" \/>\n<meta property=\"og:url\" content=\"https:\/\/tecnovisao.net\/es\/novo-ampliador-eletronico-com-tecnologia-inovadora-e-apresentado-em-feira-internacional-de-tecnologia-assistiva\/\" \/>\n<meta property=\"og:site_name\" content=\"Tecnovis&atilde;o\" \/>\n<meta property=\"article:publisher\" content=\"https:\/\/facebook.com\/tecnovisao\" \/>\n<meta property=\"article:published_time\" content=\"2026-03-15T14:00:24+00:00\" \/>\n<meta property=\"article:modified_time\" content=\"2026-03-15T14:00:28+00:00\" \/>\n<meta property=\"og:image\" content=\"https:\/\/tecnovisao.net\/wp-content\/uploads\/2026\/03\/GV200_Front-805x1024.png\" \/>\n\t<meta property=\"og:image:width\" content=\"805\" \/>\n\t<meta property=\"og:image:height\" content=\"1024\" \/>\n\t<meta property=\"og:image:type\" content=\"image\/png\" \/>\n<meta name=\"author\" content=\"Tecnovis\u00e3o\" \/>\n<meta name=\"twitter:card\" content=\"summary_large_image\" \/>\n<meta name=\"twitter:creator\" content=\"@tecnovisao\" \/>\n<meta name=\"twitter:site\" content=\"@tecnovisao\" \/>\n<meta name=\"twitter:label1\" content=\"Escrito por\" \/>\n\t<meta name=\"twitter:data1\" content=\"Tecnovis\u00e3o\" \/>\n\t<meta name=\"twitter:label2\" content=\"Tiempo de lectura\" \/>\n\t<meta name=\"twitter:data2\" content=\"2 minutos\" \/>\n<script type=\"application\/ld+json\" class=\"yoast-schema-graph\">{\"@context\":\"https:\/\/schema.org\",\"@graph\":[{\"@type\":\"Article\",\"@id\":\"https:\/\/tecnovisao.net\/novo-ampliador-eletronico-com-tecnologia-inovadora-e-apresentado-em-feira-internacional-de-tecnologia-assistiva\/#article\",\"isPartOf\":{\"@id\":\"https:\/\/tecnovisao.net\/novo-ampliador-eletronico-com-tecnologia-inovadora-e-apresentado-em-feira-internacional-de-tecnologia-assistiva\/\"},\"author\":{\"name\":\"Tecnovis\u00e3o\",\"@id\":\"https:\/\/tecnovisao.net\/#\/schema\/person\/1697e8c5d3b1a428b3229268d64f5f81\"},\"headline\":\"Novo ampliador eletr\u00f4nico com tecnologia inovadora \u00e9 apresentado em feira internacional de tecnologia assistiva\u00a0\",\"datePublished\":\"2026-03-15T14:00:24+00:00\",\"dateModified\":\"2026-03-15T14:00:28+00:00\",\"mainEntityOfPage\":{\"@id\":\"https:\/\/tecnovisao.net\/novo-ampliador-eletronico-com-tecnologia-inovadora-e-apresentado-em-feira-internacional-de-tecnologia-assistiva\/\"},\"wordCount\":484,\"commentCount\":0,\"publisher\":{\"@id\":\"https:\/\/tecnovisao.net\/#organization\"},\"image\":{\"@id\":\"https:\/\/tecnovisao.net\/novo-ampliador-eletronico-com-tecnologia-inovadora-e-apresentado-em-feira-internacional-de-tecnologia-assistiva\/#primaryimage\"},\"thumbnailUrl\":\"https:\/\/i0.wp.com\/tecnovisao.net\/wp-content\/uploads\/2026\/03\/GV200_Front-scaled.png?fit=2012%2C2560&ssl=1\",\"keywords\":[\"Ampliador\",\"Baixa Visao\",\"HIMS\",\"Tecnologia Assistiva\"],\"articleSection\":[\"Na m\u00eddia\"],\"inLanguage\":\"es\",\"potentialAction\":[{\"@type\":\"CommentAction\",\"name\":\"Comment\",\"target\":[\"https:\/\/tecnovisao.net\/novo-ampliador-eletronico-com-tecnologia-inovadora-e-apresentado-em-feira-internacional-de-tecnologia-assistiva\/#respond\"]}]},{\"@type\":\"WebPage\",\"@id\":\"https:\/\/tecnovisao.net\/novo-ampliador-eletronico-com-tecnologia-inovadora-e-apresentado-em-feira-internacional-de-tecnologia-assistiva\/\",\"url\":\"https:\/\/tecnovisao.net\/novo-ampliador-eletronico-com-tecnologia-inovadora-e-apresentado-em-feira-internacional-de-tecnologia-assistiva\/\",\"name\":\"Novo ampliador eletr\u00f4nico para baixa vis\u00e3o \u00e9 apresentado em feira internacional de tecnologia assistivaNovo ampliador eletr\u00f4nico com tecnologia inovadora \u00e9 apresentado em feira internacional de tecnologia assistiva\u00a0 - Tecnovis&atilde;o\",\"isPartOf\":{\"@id\":\"https:\/\/tecnovisao.net\/#website\"},\"primaryImageOfPage\":{\"@id\":\"https:\/\/tecnovisao.net\/novo-ampliador-eletronico-com-tecnologia-inovadora-e-apresentado-em-feira-internacional-de-tecnologia-assistiva\/#primaryimage\"},\"image\":{\"@id\":\"https:\/\/tecnovisao.net\/novo-ampliador-eletronico-com-tecnologia-inovadora-e-apresentado-em-feira-internacional-de-tecnologia-assistiva\/#primaryimage\"},\"thumbnailUrl\":\"https:\/\/i0.wp.com\/tecnovisao.net\/wp-content\/uploads\/2026\/03\/GV200_Front-scaled.png?fit=2012%2C2560&ssl=1\",\"datePublished\":\"2026-03-15T14:00:24+00:00\",\"dateModified\":\"2026-03-15T14:00:28+00:00\",\"description\":\"Novo ampliador eletr\u00f4nico para baixa vis\u00e3o \u00e9 apresentado em feira internacional de tecnologia assistiva. Conhe\u00e7a o GoVision Move e suas principais inova\u00e7\u00f5es.\",\"breadcrumb\":{\"@id\":\"https:\/\/tecnovisao.net\/novo-ampliador-eletronico-com-tecnologia-inovadora-e-apresentado-em-feira-internacional-de-tecnologia-assistiva\/#breadcrumb\"},\"inLanguage\":\"es\",\"potentialAction\":[{\"@type\":\"ReadAction\",\"target\":[\"https:\/\/tecnovisao.net\/novo-ampliador-eletronico-com-tecnologia-inovadora-e-apresentado-em-feira-internacional-de-tecnologia-assistiva\/\"]}]},{\"@type\":\"ImageObject\",\"inLanguage\":\"es\",\"@id\":\"https:\/\/tecnovisao.net\/novo-ampliador-eletronico-com-tecnologia-inovadora-e-apresentado-em-feira-internacional-de-tecnologia-assistiva\/#primaryimage\",\"url\":\"https:\/\/i0.wp.com\/tecnovisao.net\/wp-content\/uploads\/2026\/03\/GV200_Front-scaled.png?fit=2012%2C2560&ssl=1\",\"contentUrl\":\"https:\/\/i0.wp.com\/tecnovisao.net\/wp-content\/uploads\/2026\/03\/GV200_Front-scaled.png?fit=2012%2C2560&ssl=1\",\"width\":2012,\"height\":2560,\"caption\":\"Ampliador eletr\u00f4nico GoVision Move da HIMS com tela e base de leitura\"},{\"@type\":\"BreadcrumbList\",\"@id\":\"https:\/\/tecnovisao.net\/novo-ampliador-eletronico-com-tecnologia-inovadora-e-apresentado-em-feira-internacional-de-tecnologia-assistiva\/#breadcrumb\",\"itemListElement\":[{\"@type\":\"ListItem\",\"position\":1,\"name\":\"In\u00edcio\",\"item\":\"https:\/\/tecnovisao.net\/\"},{\"@type\":\"ListItem\",\"position\":2,\"name\":\"Novo ampliador eletr\u00f4nico com tecnologia inovadora \u00e9 apresentado em feira internacional de tecnologia assistiva\u00a0\"}]},{\"@type\":\"WebSite\",\"@id\":\"https:\/\/tecnovisao.net\/#website\",\"url\":\"https:\/\/tecnovisao.net\/\",\"name\":\"Tecnovis&atilde;o\",\"description\":\"Conectando voc\u00ea ao mundo\",\"publisher\":{\"@id\":\"https:\/\/tecnovisao.net\/#organization\"},\"potentialAction\":[{\"@type\":\"SearchAction\",\"target\":{\"@type\":\"EntryPoint\",\"urlTemplate\":\"https:\/\/tecnovisao.net\/?s={search_term_string}\"},\"query-input\":{\"@type\":\"PropertyValueSpecification\",\"valueRequired\":true,\"valueName\":\"search_term_string\"}}],\"inLanguage\":\"es\"},{\"@type\":\"Organization\",\"@id\":\"https:\/\/tecnovisao.net\/#organization\",\"name\":\"Tecnovis\u00e3o\",\"url\":\"https:\/\/tecnovisao.net\/\",\"logo\":{\"@type\":\"ImageObject\",\"inLanguage\":\"es\",\"@id\":\"https:\/\/tecnovisao.net\/#\/schema\/logo\/image\/\",\"url\":\"https:\/\/tecnovisao.net\/wp-content\/uploads\/2021\/01\/logo-site.png\",\"contentUrl\":\"https:\/\/tecnovisao.net\/wp-content\/uploads\/2021\/01\/logo-site.png\",\"width\":356,\"height\":80,\"caption\":\"Tecnovis\u00e3o\"},\"image\":{\"@id\":\"https:\/\/tecnovisao.net\/#\/schema\/logo\/image\/\"},\"sameAs\":[\"https:\/\/facebook.com\/tecnovisao\",\"https:\/\/x.com\/tecnovisao\",\"https:\/\/instagram.com\/tecnovisao\",\"https:\/\/www.linkedin.com\/company\/tecnovisao\/\",\"https:\/\/www.youtube.com\/user\/Tecnovisao\"]},{\"@type\":\"Person\",\"@id\":\"https:\/\/tecnovisao.net\/#\/schema\/person\/1697e8c5d3b1a428b3229268d64f5f81\",\"name\":\"Tecnovis\u00e3o\",\"image\":{\"@type\":\"ImageObject\",\"inLanguage\":\"es\",\"@id\":\"https:\/\/secure.gravatar.com\/avatar\/a429c4a8265076da62b61f1d28ef83169e0fa0ee88fc0260363be1b2c707a1ea?s=96&d=mm&r=g\",\"url\":\"https:\/\/secure.gravatar.com\/avatar\/a429c4a8265076da62b61f1d28ef83169e0fa0ee88fc0260363be1b2c707a1ea?s=96&d=mm&r=g\",\"contentUrl\":\"https:\/\/secure.gravatar.com\/avatar\/a429c4a8265076da62b61f1d28ef83169e0fa0ee88fc0260363be1b2c707a1ea?s=96&d=mm&r=g\",\"caption\":\"Tecnovis\u00e3o\"},\"url\":\"https:\/\/tecnovisao.net\/es\/author\/tecnovisao\/\"}]}<\/script>\n<!-- \/ Yoast SEO plugin. -->","yoast_head_json":{"title":"Novo ampliador eletr\u00f4nico para baixa vis\u00e3o \u00e9 apresentado em feira internacional de tecnologia assistivaNovo ampliador eletr\u00f4nico com tecnologia inovadora \u00e9 apresentado em feira internacional de tecnologia assistiva\u00a0 - Tecnovis&atilde;o","description":"Novo ampliador eletr\u00f4nico para baixa vis\u00e3o \u00e9 apresentado em feira internacional de tecnologia assistiva. Conhe\u00e7a o GoVision Move e suas principais inova\u00e7\u00f5es.","robots":{"index":"index","follow":"follow","max-snippet":"max-snippet:-1","max-image-preview":"max-image-preview:large","max-video-preview":"max-video-preview:-1"},"canonical":"https:\/\/tecnovisao.net\/es\/novo-ampliador-eletronico-com-tecnologia-inovadora-e-apresentado-em-feira-internacional-de-tecnologia-assistiva\/","og_locale":"es_ES","og_type":"article","og_title":"Novo ampliador eletr\u00f4nico para baixa vis\u00e3o \u00e9 apresentado em feira internacional de tecnologia assistivaNovo ampliador eletr\u00f4nico com tecnologia inovadora \u00e9 apresentado em feira internacional de tecnologia assistiva\u00a0 - Tecnovis&atilde;o","og_description":"Novo ampliador eletr\u00f4nico para baixa vis\u00e3o \u00e9 apresentado em feira internacional de tecnologia assistiva. Conhe\u00e7a o GoVision Move e suas principais inova\u00e7\u00f5es.","og_url":"https:\/\/tecnovisao.net\/es\/novo-ampliador-eletronico-com-tecnologia-inovadora-e-apresentado-em-feira-internacional-de-tecnologia-assistiva\/","og_site_name":"Tecnovis&atilde;o","article_publisher":"https:\/\/facebook.com\/tecnovisao","article_published_time":"2026-03-15T14:00:24+00:00","article_modified_time":"2026-03-15T14:00:28+00:00","og_image":[{"width":805,"height":1024,"url":"https:\/\/tecnovisao.net\/wp-content\/uploads\/2026\/03\/GV200_Front-805x1024.png","type":"image\/png"}],"author":"Tecnovis\u00e3o","twitter_card":"summary_large_image","twitter_creator":"@tecnovisao","twitter_site":"@tecnovisao","twitter_misc":{"Escrito por":"Tecnovis\u00e3o","Tiempo de lectura":"2 minutos"},"schema":{"@context":"https:\/\/schema.org","@graph":[{"@type":"Article","@id":"https:\/\/tecnovisao.net\/novo-ampliador-eletronico-com-tecnologia-inovadora-e-apresentado-em-feira-internacional-de-tecnologia-assistiva\/#article","isPartOf":{"@id":"https:\/\/tecnovisao.net\/novo-ampliador-eletronico-com-tecnologia-inovadora-e-apresentado-em-feira-internacional-de-tecnologia-assistiva\/"},"author":{"name":"Tecnovis\u00e3o","@id":"https:\/\/tecnovisao.net\/#\/schema\/person\/1697e8c5d3b1a428b3229268d64f5f81"},"headline":"Novo ampliador eletr\u00f4nico com tecnologia inovadora \u00e9 apresentado em feira internacional de tecnologia assistiva\u00a0","datePublished":"2026-03-15T14:00:24+00:00","dateModified":"2026-03-15T14:00:28+00:00","mainEntityOfPage":{"@id":"https:\/\/tecnovisao.net\/novo-ampliador-eletronico-com-tecnologia-inovadora-e-apresentado-em-feira-internacional-de-tecnologia-assistiva\/"},"wordCount":484,"commentCount":0,"publisher":{"@id":"https:\/\/tecnovisao.net\/#organization"},"image":{"@id":"https:\/\/tecnovisao.net\/novo-ampliador-eletronico-com-tecnologia-inovadora-e-apresentado-em-feira-internacional-de-tecnologia-assistiva\/#primaryimage"},"thumbnailUrl":"https:\/\/i0.wp.com\/tecnovisao.net\/wp-content\/uploads\/2026\/03\/GV200_Front-scaled.png?fit=2012%2C2560&ssl=1","keywords":["Ampliador","Baixa Visao","HIMS","Tecnologia Assistiva"],"articleSection":["Na m\u00eddia"],"inLanguage":"es","potentialAction":[{"@type":"CommentAction","name":"Comment","target":["https:\/\/tecnovisao.net\/novo-ampliador-eletronico-com-tecnologia-inovadora-e-apresentado-em-feira-internacional-de-tecnologia-assistiva\/#respond"]}]},{"@type":"WebPage","@id":"https:\/\/tecnovisao.net\/novo-ampliador-eletronico-com-tecnologia-inovadora-e-apresentado-em-feira-internacional-de-tecnologia-assistiva\/","url":"https:\/\/tecnovisao.net\/novo-ampliador-eletronico-com-tecnologia-inovadora-e-apresentado-em-feira-internacional-de-tecnologia-assistiva\/","name":"Novo ampliador eletr\u00f4nico para baixa vis\u00e3o \u00e9 apresentado em feira internacional de tecnologia assistivaNovo ampliador eletr\u00f4nico com tecnologia inovadora \u00e9 apresentado em feira internacional de tecnologia assistiva\u00a0 - Tecnovis&atilde;o","isPartOf":{"@id":"https:\/\/tecnovisao.net\/#website"},"primaryImageOfPage":{"@id":"https:\/\/tecnovisao.net\/novo-ampliador-eletronico-com-tecnologia-inovadora-e-apresentado-em-feira-internacional-de-tecnologia-assistiva\/#primaryimage"},"image":{"@id":"https:\/\/tecnovisao.net\/novo-ampliador-eletronico-com-tecnologia-inovadora-e-apresentado-em-feira-internacional-de-tecnologia-assistiva\/#primaryimage"},"thumbnailUrl":"https:\/\/i0.wp.com\/tecnovisao.net\/wp-content\/uploads\/2026\/03\/GV200_Front-scaled.png?fit=2012%2C2560&ssl=1","datePublished":"2026-03-15T14:00:24+00:00","dateModified":"2026-03-15T14:00:28+00:00","description":"Novo ampliador eletr\u00f4nico para baixa vis\u00e3o \u00e9 apresentado em feira internacional de tecnologia assistiva. Conhe\u00e7a o GoVision Move e suas principais inova\u00e7\u00f5es.","breadcrumb":{"@id":"https:\/\/tecnovisao.net\/novo-ampliador-eletronico-com-tecnologia-inovadora-e-apresentado-em-feira-internacional-de-tecnologia-assistiva\/#breadcrumb"},"inLanguage":"es","potentialAction":[{"@type":"ReadAction","target":["https:\/\/tecnovisao.net\/novo-ampliador-eletronico-com-tecnologia-inovadora-e-apresentado-em-feira-internacional-de-tecnologia-assistiva\/"]}]},{"@type":"ImageObject","inLanguage":"es","@id":"https:\/\/tecnovisao.net\/novo-ampliador-eletronico-com-tecnologia-inovadora-e-apresentado-em-feira-internacional-de-tecnologia-assistiva\/#primaryimage","url":"https:\/\/i0.wp.com\/tecnovisao.net\/wp-content\/uploads\/2026\/03\/GV200_Front-scaled.png?fit=2012%2C2560&ssl=1","contentUrl":"https:\/\/i0.wp.com\/tecnovisao.net\/wp-content\/uploads\/2026\/03\/GV200_Front-scaled.png?fit=2012%2C2560&ssl=1","width":2012,"height":2560,"caption":"Ampliador eletr\u00f4nico GoVision Move da HIMS com tela e base de leitura"},{"@type":"BreadcrumbList","@id":"https:\/\/tecnovisao.net\/novo-ampliador-eletronico-com-tecnologia-inovadora-e-apresentado-em-feira-internacional-de-tecnologia-assistiva\/#breadcrumb","itemListElement":[{"@type":"ListItem","position":1,"name":"In\u00edcio","item":"https:\/\/tecnovisao.net\/"},{"@type":"ListItem","position":2,"name":"Novo ampliador eletr\u00f4nico com tecnologia inovadora \u00e9 apresentado em feira internacional de tecnologia assistiva\u00a0"}]},{"@type":"WebSite","@id":"https:\/\/tecnovisao.net\/#website","url":"https:\/\/tecnovisao.net\/","name":"Tecnovis&atilde;o","description":"Conectando voc\u00ea ao mundo","publisher":{"@id":"https:\/\/tecnovisao.net\/#organization"},"potentialAction":[{"@type":"SearchAction","target":{"@type":"EntryPoint","urlTemplate":"https:\/\/tecnovisao.net\/?s={search_term_string}"},"query-input":{"@type":"PropertyValueSpecification","valueRequired":true,"valueName":"search_term_string"}}],"inLanguage":"es"},{"@type":"Organization","@id":"https:\/\/tecnovisao.net\/#organization","name":"Tecnovis\u00e3o","url":"https:\/\/tecnovisao.net\/","logo":{"@type":"ImageObject","inLanguage":"es","@id":"https:\/\/tecnovisao.net\/#\/schema\/logo\/image\/","url":"https:\/\/tecnovisao.net\/wp-content\/uploads\/2021\/01\/logo-site.png","contentUrl":"https:\/\/tecnovisao.net\/wp-content\/uploads\/2021\/01\/logo-site.png","width":356,"height":80,"caption":"Tecnovis\u00e3o"},"image":{"@id":"https:\/\/tecnovisao.net\/#\/schema\/logo\/image\/"},"sameAs":["https:\/\/facebook.com\/tecnovisao","https:\/\/x.com\/tecnovisao","https:\/\/instagram.com\/tecnovisao","https:\/\/www.linkedin.com\/company\/tecnovisao\/","https:\/\/www.youtube.com\/user\/Tecnovisao"]},{"@type":"Person","@id":"https:\/\/tecnovisao.net\/#\/schema\/person\/1697e8c5d3b1a428b3229268d64f5f81","name":"Tecnovis\u00e3o","image":{"@type":"ImageObject","inLanguage":"es","@id":"https:\/\/secure.gravatar.com\/avatar\/a429c4a8265076da62b61f1d28ef83169e0fa0ee88fc0260363be1b2c707a1ea?s=96&d=mm&r=g","url":"https:\/\/secure.gravatar.com\/avatar\/a429c4a8265076da62b61f1d28ef83169e0fa0ee88fc0260363be1b2c707a1ea?s=96&d=mm&r=g","contentUrl":"https:\/\/secure.gravatar.com\/avatar\/a429c4a8265076da62b61f1d28ef83169e0fa0ee88fc0260363be1b2c707a1ea?s=96&d=mm&r=g","caption":"Tecnovis\u00e3o"},"url":"https:\/\/tecnovisao.net\/es\/author\/tecnovisao\/"}]}},"jetpack_featured_media_url":"https:\/\/i0.wp.com\/tecnovisao.net\/wp-content\/uploads\/2026\/03\/GV200_Front-scaled.png?fit=2012%2C2560&ssl=1","jetpack_sharing_enabled":true,"_links":{"self":[{"href":"https:\/\/tecnovisao.net\/es\/wp-json\/wp\/v2\/posts\/12990","targetHints":{"allow":["GET"]}}],"collection":[{"href":"https:\/\/tecnovisao.net\/es\/wp-json\/wp\/v2\/posts"}],"about":[{"href":"https:\/\/tecnovisao.net\/es\/wp-json\/wp\/v2\/types\/post"}],"author":[{"embeddable":true,"href":"https:\/\/tecnovisao.net\/es\/wp-json\/wp\/v2\/users\/2"}],"replies":[{"embeddable":true,"href":"https:\/\/tecnovisao.net\/es\/wp-json\/wp\/v2\/comments?post=12990"}],"version-history":[{"count":1,"href":"https:\/\/tecnovisao.net\/es\/wp-json\/wp\/v2\/posts\/12990\/revisions"}],"predecessor-version":[{"id":12991,"href":"https:\/\/tecnovisao.net\/es\/wp-json\/wp\/v2\/posts\/12990\/revisions\/12991"}],"wp:featuredmedia":[{"embeddable":true,"href":"https:\/\/tecnovisao.net\/es\/wp-json\/wp\/v2\/media\/12988"}],"wp:attachment":[{"href":"https:\/\/tecnovisao.net\/es\/wp-json\/wp\/v2\/media?parent=12990"}],"wp:term":[{"taxonomy":"category","embeddable":true,"href":"https:\/\/tecnovisao.net\/es\/wp-json\/wp\/v2\/categories?post=12990"},{"taxonomy":"post_tag","embeddable":true,"href":"https:\/\/tecnovisao.net\/es\/wp-json\/wp\/v2\/tags?post=12990"}],"curies":[{"name":"wp","href":"https:\/\/api.w.org\/{rel}","templated":true}]}}